{"id":1629,"date":"2023-01-22T12:19:18","date_gmt":"2023-01-22T15:19:18","guid":{"rendered":"https:\/\/www.duartecosta.adv.br\/novosite\/?p=1629"},"modified":"2023-03-28T10:59:22","modified_gmt":"2023-03-28T13:59:22","slug":"planejamento-tributario","status":"publish","type":"post","link":"https:\/\/www.duartecosta.adv.br\/index.php\/2023\/01\/22\/planejamento-tributario\/","title":{"rendered":"PLANEJAMENTO TRIBUT\u00c1RIO"},"content":{"rendered":"<section class=\"wpb-content-wrapper\"><p>[vc_row][vc_column][vc_row_inner][vc_column_inner width=&#8221;1\/2&#8243;][vc_single_image image=&#8221;1630&#8243; img_size=&#8221;full&#8221;][vc_empty_space][\/vc_column_inner][vc_column_inner width=&#8221;1\/2&#8243;][\/vc_column_inner][\/vc_row_inner][vc_column_text]<strong><em>Por Daniel Duarte Costa de Avelar<\/em><\/strong><\/p>\n<p>&nbsp;<\/p>\n<p style=\"text-align: justify;\">O Brasil \u00e9 um dos pa\u00edses que tem uma das maiores cargas tribut\u00e1rias sobre as empresas e pessoas f\u00edsicas, sendo um dos motivos da quebra das empresas, pois os tributos representam uma grande parcela dos custos. Em abril de 2000, foi institu\u00eddo o REFIS (Programa de Recupera\u00e7\u00e3o Fiscal), que, segundo a Receita Federal consiste2 em um regime opcional de parcelamento de d\u00e9bitos fiscais proposto \u00e0s pessoas jur\u00eddicas com d\u00edvidas perante a Secretaria da Receita Federal \u2013 SRF, a Procuradoria Geral da Fazenda Nacional \u2013 PGFN e o Instituto Nacional do Seguro Social \u2013 INSS. Por\u00e9m, tal programa n\u00e3o diminui as grandes cargas tribut\u00e1rias que os contribuintes tem que enfrentar. Sendo assim, se estes t\u00eam a inten\u00e7\u00e3o de diminuir os seus encargos, poder\u00e3o faz\u00ea-lo de uma maneira legal, por meio da elis\u00e3o fiscal (planejamento tribut\u00e1rio). O planejamento tribut\u00e1rio visa obter uma diminui\u00e7\u00e3o dos tributos, mas tudo dentro da lei. Trata-se de uma atividade preventiva, que analisa a proje\u00e7\u00e3o que os tributos podem ter de acordo com cada situa\u00e7\u00e3o, comparando os resultados para obter um menos oneroso poss\u00edvel. Ao preparar o planejamento tribut\u00e1rio, o representante legal da empresa busca, atrav\u00e9s do contador ou em conjunto com profissional da \u00e1rea jur\u00eddica (tributarista), promover a diminui\u00e7\u00e3o carga tribut\u00e1ria, que permite \u00e0 empresa praticar pre\u00e7os muito mais competitivos em seus produtos e servi\u00e7os e, ainda, elevar seus resultados financeiros. O planejamento tribut\u00e1rio tem como finalidade identificar meios l\u00edcitos de redu\u00e7\u00e3o da carga tribut\u00e1ria, evitando, assim, a incid\u00eancia de certos tributos, reduzir o montante devido a t\u00edtulo de impostos, taxas e contribui\u00e7\u00f5es. Tais medidas s\u00e3o tomadas no sentido de se reduzir a base de c\u00e1lculo ou al\u00edquota incidentes. Tamb\u00e9m s\u00e3o apresentadas medidas que visam aumentar o prazo para o pagamento dos tributos sem que haja penalidades, o que tem como objetivo aumentar o caixa dispon\u00edvel da empresa. Sendo assim, nos dias atuais, com a globaliza\u00e7\u00e3o da economia, tornou-se essencial ter um planejamento tribut\u00e1rio para a sobreviv\u00eancia das empresas.<\/p>\n<p>&nbsp;<\/p>\n<div class=\"hr-thick\"><\/div>\n<p>&nbsp;<\/p>\n<p><em><strong>1 Advogado especialista em Direito Empresarial.<\/strong><\/em><\/p>\n<p><em><strong>2 Dispon\u00edvel em http:\/\/www.receita.fazenda.gov.br\/pessoajuridica\/refis\/refis.htm. Acessado no dia 6 de mar\u00e7o de 2014.<\/strong><\/em>[\/vc_column_text][\/vc_column][\/vc_row]<\/p>\n<\/section>","protected":false},"excerpt":{"rendered":"<p>[vc_row][vc_column][vc_row_inner][vc_column_inner width=&#8221;1\/2&#8243;][vc_single_image image=&#8221;1630&#8243; img_size=&#8221;full&#8221;][vc_empty_space][\/vc_column_inner][vc_column_inner width=&#8221;1\/2&#8243;][\/vc_column_inner][\/vc_row_inner][vc_column_text]Por Daniel Duarte Costa de Avelar &nbsp; O Brasil \u00e9 um dos pa\u00edses que tem uma das maiores cargas tribut\u00e1rias sobre as empresas e pessoas f\u00edsicas, sendo um dos motivos da quebra das empresas, pois os tributos representam uma grande parcela dos custos. Em abril de 2000, foi institu\u00eddo o REFIS&hellip;<\/p>\n","protected":false},"author":1,"featured_media":1630,"comment_status":"open","ping_status":"open","sticky":false,"template":"","format":"standard","meta":[],"categories":[1],"tags":[],"_links":{"self":[{"href":"https:\/\/www.duartecosta.adv.br\/index.php\/wp-json\/wp\/v2\/posts\/1629"}],"collection":[{"href":"https:\/\/www.duartecosta.adv.br\/index.php\/wp-json\/wp\/v2\/posts"}],"about":[{"href":"https:\/\/www.duartecosta.adv.br\/index.php\/wp-json\/wp\/v2\/types\/post"}],"author":[{"embeddable":true,"href":"https:\/\/www.duartecosta.adv.br\/index.php\/wp-json\/wp\/v2\/users\/1"}],"replies":[{"embeddable":true,"href":"https:\/\/www.duartecosta.adv.br\/index.php\/wp-json\/wp\/v2\/comments?post=1629"}],"version-history":[{"count":4,"href":"https:\/\/www.duartecosta.adv.br\/index.php\/wp-json\/wp\/v2\/posts\/1629\/revisions"}],"predecessor-version":[{"id":1657,"href":"https:\/\/www.duartecosta.adv.br\/index.php\/wp-json\/wp\/v2\/posts\/1629\/revisions\/1657"}],"wp:featuredmedia":[{"embeddable":true,"href":"https:\/\/www.duartecosta.adv.br\/index.php\/wp-json\/wp\/v2\/media\/1630"}],"wp:attachment":[{"href":"https:\/\/www.duartecosta.adv.br\/index.php\/wp-json\/wp\/v2\/media?parent=1629"}],"wp:term":[{"taxonomy":"category","embeddable":true,"href":"https:\/\/www.duartecosta.adv.br\/index.php\/wp-json\/wp\/v2\/categories?post=1629"},{"taxonomy":"post_tag","embeddable":true,"href":"https:\/\/www.duartecosta.adv.br\/index.php\/wp-json\/wp\/v2\/tags?post=1629"}],"curies":[{"name":"wp","href":"https:\/\/api.w.org\/{rel}","templated":true}]}}